{"id":343,"date":"2021-03-25T16:59:15","date_gmt":"2021-03-25T15:59:15","guid":{"rendered":"https:\/\/www.kunstradsport.ch\/?p=343"},"modified":"2021-03-25T17:12:53","modified_gmt":"2021-03-25T16:12:53","slug":"ferienpass-kunstradfahren-in-den-fruehlingsferien-2021","status":"publish","type":"post","link":"https:\/\/www.kunstradsport.ch\/?p=343","title":{"rendered":"Ferienpass Kunstradfahren in den Fr\u00fchlingsferien 2021"},"content":{"rendered":"\n<p>Vom 14. &#8211; 16. April 2021 bieten wir Kindern ab der 1. bis 4. Klasse die M\u00f6glichkeit, das Kunstradfahren und das Einradfahren kennen zu lernen. Die Schnuppertrainings beginnen um 13.30 mit einem Aufw\u00e4rmen und Spielen, um danach intensiv mit dem Kunstfahrrad und dem Einrad zu \u00fcben. Die Kinder werden durch mehrere Trainerinnen betreut, jedoch erwarten wir von den Kindern nach der Einf\u00fchrung auch selbstst\u00e4ndiges trainieren. Um 15.30 Uhr endet das Training. Wer noch nicht m\u00fcde ist und noch Lust hat, kann bis 16.00 Uhr weiter \u00fcben.&nbsp;<\/p>\n\n\n\n<p>Anmelden kann man sich f\u00fcr einen Tag oder f\u00fcr mehrere Tage.<\/p>\n\n\n\n<p>Die Anmeldung muss bis am 9. April 2021 an Monika R\u00f6llin, <a href=\"mailto:roellin.monika@gmx.ch\">roellin.monika@gmx.ch<\/a> erfolgen und ist verbindlich.<\/p>\n\n\n\n<p>Ort: <br>Turnhalle Dorfstrasse in 5210 Windisch<\/p>\n\n\n\n<p>Kosten:<br>1 Tag Fr. 15.00<\/p>\n\n\n\n<p>Bei Geschwistern bekommt das 2. Kind einen Rabatt von Fr. 5.00<br>1 Tag f\u00fcr das 2. Kind Fr. 10.00<\/p>\n\n\n\n<p>Mitnehmen:<br>Eng anliegende Sporthose (Leggins), T-Shirt, Ger\u00e4teschuhe, Trinkflasche<\/p>\n\n\n\n<p>Versicherung ist Sache der Teilnehmer<\/p>\n\n\n\n<p>Bei Fragen k\u00f6nnen Sie Rahel Sibler (032 512 36 76, <a href=\"mailto:rahel_sibler@gmx.ch\">rahel_sibler@gmx.ch<\/a>) oder <br>Monika R\u00f6llin (<a href=\"mailto:roellin.monika@gmx.ch\">roellin.monika@gmx.ch<\/a>) kontaktieren.<\/p>\n\n\n\n<p>Wir freuen uns auf viele Neugierige Kinder!<\/p>\n","protected":false},"excerpt":{"rendered":"<p>Vom 14. &#8211; 16. April 2021 bieten wir Kindern ab der 1. bis 4. Klasse die M\u00f6glichkeit, das Kunstradfahren und das Einradfahren kennen zu lernen. Die Schnuppertrainings beginnen um 13.30 mit einem Aufw\u00e4rmen und Spielen, um danach intensiv mit dem Kunstfahrrad und dem Einrad zu \u00fcben. Die Kinder werden durch mehrere Trainerinnen betreut, jedoch erwarten &hellip; <\/p>\n<p class=\"link-more\"><a href=\"https:\/\/www.kunstradsport.ch\/?p=343\" class=\"more-link\"><span class=\"screen-reader-text\">\u201eFerienpass Kunstradfahren in den Fr\u00fchlingsferien 2021\u201c<\/span> weiterlesen<\/a><\/p>\n","protected":false},"author":2,"featured_media":345,"comment_status":"closed","ping_status":"closed","sticky":false,"template":"","format":"standard","meta":{"footnotes":""},"categories":[3,1],"tags":[],"_links":{"self":[{"href":"https:\/\/www.kunstradsport.ch\/index.php?rest_route=\/wp\/v2\/posts\/343"}],"collection":[{"href":"https:\/\/www.kunstradsport.ch\/index.php?rest_route=\/wp\/v2\/posts"}],"about":[{"href":"https:\/\/www.kunstradsport.ch\/index.php?rest_route=\/wp\/v2\/types\/post"}],"author":[{"embeddable":true,"href":"https:\/\/www.kunstradsport.ch\/index.php?rest_route=\/wp\/v2\/users\/2"}],"replies":[{"embeddable":true,"href":"https:\/\/www.kunstradsport.ch\/index.php?rest_route=%2Fwp%2Fv2%2Fcomments&post=343"}],"version-history":[{"count":2,"href":"https:\/\/www.kunstradsport.ch\/index.php?rest_route=\/wp\/v2\/posts\/343\/revisions"}],"predecessor-version":[{"id":349,"href":"https:\/\/www.kunstradsport.ch\/index.php?rest_route=\/wp\/v2\/posts\/343\/revisions\/349"}],"wp:featuredmedia":[{"embeddable":true,"href":"https:\/\/www.kunstradsport.ch\/index.php?rest_route=\/wp\/v2\/media\/345"}],"wp:attachment":[{"href":"https:\/\/www.kunstradsport.ch\/index.php?rest_route=%2Fwp%2Fv2%2Fmedia&parent=343"}],"wp:term":[{"taxonomy":"category","embeddable":true,"href":"https:\/\/www.kunstradsport.ch\/index.php?rest_route=%2Fwp%2Fv2%2Fcategories&post=343"},{"taxonomy":"post_tag","embeddable":true,"href":"https:\/\/www.kunstradsport.ch\/index.php?rest_route=%2Fwp%2Fv2%2Ftags&post=343"}],"curies":[{"name":"wp","href":"https:\/\/api.w.org\/{rel}","templated":true}]}}