{"id":547,"date":"2023-08-27T15:37:04","date_gmt":"2023-08-27T13:37:04","guid":{"rendered":"https:\/\/www.kunstradsport.ch\/?p=547"},"modified":"2023-08-27T15:37:04","modified_gmt":"2023-08-27T13:37:04","slug":"zwei-aargauer-kunstradfahrer-an-der-uci-wm-2023-in-glasgow","status":"publish","type":"post","link":"https:\/\/www.kunstradsport.ch\/?p=547","title":{"rendered":"Zwei Aargauer Kunstradfahrer an der UCI WM 2023 in Glasgow"},"content":{"rendered":"\n<p>Der Weltverband der Radfahrer UCI hat vom 3. &#8211; 13. August Grosses vor: In 11 Tagen vergibt er 218 Weltmeistertitel und Medaillens\u00e4tze in 13 UCI-Radsportkategorien. Alle Wettk\u00e4mpfe finden in Glasgow und Umgebung in Schottland statt.<\/p>\n\n\n\n<p>Bei dem Grossanlass, der zum ersten Mal in dieser Form stattfindet, sind auch zwei junge Talente aus dem Kanton Aargau dabei. Die 17-j\u00e4hrige Mella Herrmann aus Windisch, die bei uns im Verein trainiert und f\u00fcr Finnland startet, sowie der gleichaltrige Silas G\u00f6belbecker aus Baden, der beim RB Brugg trainiert und Mitglied des Schweizer Kaders ist. Der Schweizer Verband <em>Swiss Indoor- and Unicycling<\/em> schickt 15 Sportler aus den Sportarten Kunstrad und Radball wie auch sechs Trainer, Physiotherapeuten, Mechaniker und Funktion\u00e4re an die WM. Mella wird durch ihre Vereinstrainerinnen und Familie begleitet.<\/p>\n\n\n\n<p>Wir konnten mit den beiden sympathischen Sportlern vor ihrer Abreise sprechen und haben sie nach ihren Zielen und W\u00fcnschen gefragt, die sie zur Weltmeisterschaft haben. Mella und Silas auf was freut ihr euch am meisten? Mella: \u00abDass ich \u00fcberhaupt dabei sein kann, auch weil die WM in diesem Rahmen stattfindet\u00bb, Silas: \u00abJa, genau so geht es mir auch, es wird die gr\u00f6sste WM sein, an der wir wahrscheinlich je teilnehmen werden\u00bb. Dazu muss man wissen, dass die WM im Hallenradsport normalerweise zusammen mit den Radballern stattfindet. An einer solchen WM, die drei Tage dauert, hat es im Durchschnitt 4000 Zuschauer und irgendwie kennen sich alle, es ist eine grosse Familie. Was sind eure Ziele an der WM? Silas: \u00abIch m\u00f6chte mindestens 100 Punkte ausfahren und meine pers\u00f6nliche Bestleistung erreichen\u00bb, und Mella: \u00abIch m\u00f6chte mindestens 60 Punkte ausfahren und auch meine pers\u00f6nliche Bestleistung erreichen. Dazu m\u00f6chte ich nach der K\u00fcr zufrieden ab der Wettkampffl\u00e4che gehen, d.h. dass ich ein konzentriertes, sicheres Programm gezeigt habe und das die Zeit von 5 Minuten f\u00fcr meine K\u00fcr hoffentlich ausgereicht hat\u00bb. Wie bereitet ihr euch noch so kurz vor dem Wettkampf vor: Mella und Silas: \u00abWir haben unser Training in den Sommerferien noch erh\u00f6ht und trainieren nun 3-4 in der Woche\u00bb, Silas: \u00abIch versuche mich aber auch ein wenig Abzulenken und nicht all zu oft an die WM zu denken\u00bb, Mella: \u00abIch mache neben dem Training noch viel Seilspr\u00fcnge, Kraft und Dehn\u00fcbungen, das m\u00f6chte ich bis vor der Wettkampf-Woche aufrechterhalten\u00bb.<\/p>\n\n\n\n<p>Erz\u00e4hlt doch auch einmal, was euch am Kunstradsport den so viel Spass macht, wie lange macht ihr diesen Sport schon und habt ihr schon Internationale Erfahrung im Kunstradsport sammeln k\u00f6nnen?<\/p>\n\n\n\n<p>Silas: \u00abIch fahre Kunstrad seit ich 10 Jahre alt bin. Mir macht das Kunstradfahren Spass, weil man immer neue \u00dcbungen lernen kann und auch das man fast Eins mit dem Velo wird, das man ganz genau weiss, wie das Velo auf meine Bewegungen reagiert. Internationale Erfahrungen habe ich an drei Teilnahmen an Junioren EMs gesammelt. Ausserdem habe ich bereits an vier Weltcup-Wettk\u00e4mpfen teilgenommen, die vorwiegend in Deutschland stattgefunden haben. Mella: \u00abIch bin an denselben drei EM-Wettk\u00e4mpfen wie Silas gewesen, dabei bin ich f\u00fcr Finnland gestartet. An Weltcup-Wettk\u00e4mpfen habe ich noch nicht teilgenommen, das kann ich zeitlich noch nicht unterbringen. Ich fahre seit ich in der 1 Klasse war, also schon seit 10 Jahren. Mir macht Kunstradfahren Spass, weil man mit dem K\u00f6rper arbeiten muss. Es ist koordinativ anspruchsvoll, man muss beweglich sein, Kraft und Ausdauer muss man auch haben. Und auch dass es eine Randsportart ist, finde ich auch toll, das macht halt nicht jeder\u00bb. Wie geht es mit euch nach der WM weiter? Mella: \u00abAm Montag nach dem Wettkampf startet bei mir bereits das 2. Jahr der Kantonsschule Wettingen. Danach werde ich das Training ein wenig locker angehen, weil bis im Dezember keine Wettk\u00e4mpfe mehr stattfinden und auch weil ich Januar f\u00fcr ein halbes Jahr in einen Sch\u00fcleraustausch gehe\u00bb und Silas: \u00abIch mache noch eine Woche Ferien in England mit meinen Eltern und dann gehe ich zur\u00fcck in mein 3. Lehrjahr als Motorradmechaniker. Im Training beginnt dann das Aufbautraining f\u00fcr die Wettk\u00e4mpfe, die im Dezember beginnen und bis ca. Mai dauern werden.<\/p>\n\n\n\n<p>Wir danken den beiden Sportlern, dass sie sich Zeit genommen haben und uns diese Fragen zu beantworten. Wir w\u00fcnschen den beiden Kunstradsportlern viel Erfolg an dieser tollen WM unter mehr als 8000 Sportlern in den verschiedensten Radsportarten.<\/p>\n","protected":false},"excerpt":{"rendered":"<p>Der Weltverband der Radfahrer UCI hat vom 3. &#8211; 13. August Grosses vor: In 11 Tagen vergibt er 218 Weltmeistertitel und Medaillens\u00e4tze in 13 UCI-Radsportkategorien. Alle Wettk\u00e4mpfe finden in Glasgow und Umgebung in Schottland statt. Bei dem Grossanlass, der zum ersten Mal in dieser Form stattfindet, sind auch zwei junge Talente aus dem Kanton Aargau &hellip; <\/p>\n<p class=\"link-more\"><a href=\"https:\/\/www.kunstradsport.ch\/?p=547\" class=\"more-link\"><span class=\"screen-reader-text\">\u201eZwei Aargauer Kunstradfahrer an der UCI WM 2023 in Glasgow\u201c<\/span> weiterlesen<\/a><\/p>\n","protected":false},"author":3,"featured_media":549,"comment_status":"closed","ping_status":"","sticky":false,"template":"","format":"standard","meta":{"footnotes":""},"categories":[3],"tags":[],"_links":{"self":[{"href":"https:\/\/www.kunstradsport.ch\/index.php?rest_route=\/wp\/v2\/posts\/547"}],"collection":[{"href":"https:\/\/www.kunstradsport.ch\/index.php?rest_route=\/wp\/v2\/posts"}],"about":[{"href":"https:\/\/www.kunstradsport.ch\/index.php?rest_route=\/wp\/v2\/types\/post"}],"author":[{"embeddable":true,"href":"https:\/\/www.kunstradsport.ch\/index.php?rest_route=\/wp\/v2\/users\/3"}],"replies":[{"embeddable":true,"href":"https:\/\/www.kunstradsport.ch\/index.php?rest_route=%2Fwp%2Fv2%2Fcomments&post=547"}],"version-history":[{"count":2,"href":"https:\/\/www.kunstradsport.ch\/index.php?rest_route=\/wp\/v2\/posts\/547\/revisions"}],"predecessor-version":[{"id":551,"href":"https:\/\/www.kunstradsport.ch\/index.php?rest_route=\/wp\/v2\/posts\/547\/revisions\/551"}],"wp:featuredmedia":[{"embeddable":true,"href":"https:\/\/www.kunstradsport.ch\/index.php?rest_route=\/wp\/v2\/media\/549"}],"wp:attachment":[{"href":"https:\/\/www.kunstradsport.ch\/index.php?rest_route=%2Fwp%2Fv2%2Fmedia&parent=547"}],"wp:term":[{"taxonomy":"category","embeddable":true,"href":"https:\/\/www.kunstradsport.ch\/index.php?rest_route=%2Fwp%2Fv2%2Fcategories&post=547"},{"taxonomy":"post_tag","embeddable":true,"href":"https:\/\/www.kunstradsport.ch\/index.php?rest_route=%2Fwp%2Fv2%2Ftags&post=547"}],"curies":[{"name":"wp","href":"https:\/\/api.w.org\/{rel}","templated":true}]}}